{"id":108122,"date":"2025-04-01T22:45:47","date_gmt":"2025-04-01T20:45:47","guid":{"rendered":"https:\/\/www.intrixcrm.com\/rs\/?p=108122"},"modified":"2025-04-01T22:45:48","modified_gmt":"2025-04-01T20:45:48","slug":"intera-drugu-godinu-zaredom-najbolji-poslodavac-u-sloveniji","status":"publish","type":"post","link":"https:\/\/www.intrixcrm.com\/rs\/intera-drugu-godinu-zaredom-najbolji-poslodavac-u-sloveniji","title":{"rendered":"Intera drugu godinu zaredom najbolji poslodavac u Sloveniji!"},"content":{"rendered":"\t\t<div data-elementor-type=\"wp-post\" data-elementor-id=\"108122\" class=\"elementor elementor-108122\">\n\t\t\t\t\t\t\t\t\t<section class=\"elementor-section elementor-top-section elementor-element elementor-element-346400e elementor-section-boxed elementor-section-height-default elementor-section-height-default\" data-id=\"346400e\" data-element_type=\"section\" data-settings=\"{&quot;jet_parallax_layout_list&quot;:[]}\">\n\t\t\t\t\t\t<div class=\"elementor-container elementor-column-gap-default\">\n\t\t\t\t\t<div class=\"elementor-column elementor-col-100 elementor-top-column elementor-element elementor-element-e718ba8\" data-id=\"e718ba8\" data-element_type=\"column\">\n\t\t\t<div class=\"elementor-widget-wrap elementor-element-populated\">\n\t\t\t\t\t\t\t\t<div class=\"elementor-element elementor-element-c6f975e elementor-widget elementor-widget-text-editor\" data-id=\"c6f975e\" data-element_type=\"widget\" data-widget_type=\"text-editor.default\">\n\t\t\t\t<div class=\"elementor-widget-container\">\n\t\t\t<style>\/*! elementor - v3.6.7 - 03-07-2022 *\/\n.elementor-widget-text-editor.elementor-drop-cap-view-stacked .elementor-drop-cap{background-color:#818a91;color:#fff}.elementor-widget-text-editor.elementor-drop-cap-view-framed .elementor-drop-cap{color:#818a91;border:3px solid;background-color:transparent}.elementor-widget-text-editor:not(.elementor-drop-cap-view-default) .elementor-drop-cap{margin-top:8px}.elementor-widget-text-editor:not(.elementor-drop-cap-view-default) .elementor-drop-cap-letter{width:1em;height:1em}.elementor-widget-text-editor .elementor-drop-cap{float:left;text-align:center;line-height:1;font-size:50px}.elementor-widget-text-editor .elementor-drop-cap-letter{display:inline-block}<\/style>\t\t\t\t<p><strong>Krajem marta u Ljubljanskom lutkarskom pozori\u0161tu dodeljene su nagrade najboljim poslodavcima u Sloveniji u sklopu Dnevnikovog projekta Zlatna nit. U kategoriji preduze\u0107a sa do 50 zaposlenih ve\u0107 smo drugu godinu zaredom, a ukupno \u010detvrti put, primili ovo presti\u017eno priznanje.<\/strong><\/p><p>Intera se <strong>ve\u0107 \u0161esnaesti put plasirala me\u0111u finaliste Zlatne niti<\/strong>, \u0161to potvr\u0111uje na\u0161u dugoro\u010dnu predanost kvalitetnim radnim uslovima, poverenju i me\u0111usobnom po\u0161tovanju unutar tima kao i inovativnim pristupima upravljanju zaposlenima. Dosledno stvaramo podsticajno radno okru\u017eenje u kom zaposleni rastu, razvijaju se i ose\u0107aju se dobro u svom radu. Upravo nas je taj pristup i ovog puta, <strong>po \u010detvrti put, doveo do titule najboljeg poslodavca<\/strong>.<\/p>\t\t\t\t\t\t<\/div>\n\t\t\t\t<\/div>\n\t\t\t\t<div class=\"elementor-element elementor-element-551cbbf elementor-widget elementor-widget-image\" data-id=\"551cbbf\" data-element_type=\"widget\" data-widget_type=\"image.default\">\n\t\t\t\t<div class=\"elementor-widget-container\">\n\t\t\t<style>\/*! elementor - v3.6.7 - 03-07-2022 *\/\n.elementor-widget-image{text-align:center}.elementor-widget-image a{display:inline-block}.elementor-widget-image a img[src$=\".svg\"]{width:48px}.elementor-widget-image img{vertical-align:middle;display:inline-block}<\/style>\t\t\t\t\t\t\t\t\t\t\t\t<img width=\"1024\" height=\"683\" src=\"https:\/\/www.intrix.si\/app\/uploads\/sites\/6\/2025\/04\/primanje-nagrade-zlata-nit-1-1024x683-1.webp\" class=\"attachment-large size-large\" alt=\"Poslodavac godine\" srcset=\"https:\/\/www.intrix.si\/app\/uploads\/sites\/6\/2025\/04\/primanje-nagrade-zlata-nit-1-1024x683-1.webp 1024w, https:\/\/www.intrix.si\/app\/uploads\/sites\/6\/2025\/04\/primanje-nagrade-zlata-nit-1-1024x683-1-300x200.webp 300w, https:\/\/www.intrix.si\/app\/uploads\/sites\/6\/2025\/04\/primanje-nagrade-zlata-nit-1-1024x683-1-768x512.webp 768w\" sizes=\"(max-width: 1024px) 100vw, 1024px\" title=\"Primanje nagrade Zlatna nit\" \/>\t\t\t\t\t\t\t\t\t\t\t\t\t\t\t<\/div>\n\t\t\t\t<\/div>\n\t\t\t\t\t<\/div>\n\t\t<\/div>\n\t\t\t\t\t\t\t<\/div>\n\t\t<\/section>\n\t\t\t\t<section class=\"elementor-section elementor-top-section elementor-element elementor-element-9a95c52 elementor-section-boxed elementor-section-height-default elementor-section-height-default\" data-id=\"9a95c52\" data-element_type=\"section\" data-settings=\"{&quot;jet_parallax_layout_list&quot;:[]}\">\n\t\t\t\t\t\t<div class=\"elementor-container elementor-column-gap-default\">\n\t\t\t\t\t<div class=\"elementor-column elementor-col-100 elementor-top-column elementor-element elementor-element-b42399c\" data-id=\"b42399c\" data-element_type=\"column\">\n\t\t\t<div class=\"elementor-widget-wrap elementor-element-populated\">\n\t\t\t\t\t\t\t\t<div class=\"elementor-element elementor-element-f4cbb9c elementor-widget elementor-widget-heading\" data-id=\"f4cbb9c\" data-element_type=\"widget\" data-widget_type=\"heading.default\">\n\t\t\t\t<div class=\"elementor-widget-container\">\n\t\t\t<style>\/*! elementor - v3.6.7 - 03-07-2022 *\/\n.elementor-heading-title{padding:0;margin:0;line-height:1}.elementor-widget-heading .elementor-heading-title[class*=elementor-size-]>a{color:inherit;font-size:inherit;line-height:inherit}.elementor-widget-heading .elementor-heading-title.elementor-size-small{font-size:15px}.elementor-widget-heading .elementor-heading-title.elementor-size-medium{font-size:19px}.elementor-widget-heading .elementor-heading-title.elementor-size-large{font-size:29px}.elementor-widget-heading .elementor-heading-title.elementor-size-xl{font-size:39px}.elementor-widget-heading .elementor-heading-title.elementor-size-xxl{font-size:59px}<\/style><h2 class=\"elementor-heading-title elementor-size-default\" id=\"pronalazenje-pravih-osoba-za-interu\">Pronala\u017eenje pravih osoba za Interu<\/h2>\t\t<\/div>\n\t\t\t\t<\/div>\n\t\t\t\t<div class=\"elementor-element elementor-element-0c275e4 elementor-widget elementor-widget-text-editor\" data-id=\"0c275e4\" data-element_type=\"widget\" data-widget_type=\"text-editor.default\">\n\t\t\t\t<div class=\"elementor-widget-container\">\n\t\t\t\t\t\t\t<p>U Interi verujemo da su <strong>vrednosti pojedinca podjednako va\u017ene kao i njegove stru\u010dne kompetencije<\/strong>. Zato je na\u0161 proces zapo\u0161ljavanja usmeren na pronala\u017eenje osoba koje se uklapaju u postoje\u0107i tim i kulturu preduze\u0107a. Nakon pregleda radne biografije, kandidati re\u0161avaju prakti\u010dne zadatke, zatim slede razgovori sa budu\u0107im kolegama, a tek na kraju u proces se uklju\u010duje i menad\u017ement.<\/p><p><em>\u201cZanima nas kako osoba razmi\u0161lja, kako komunicira, kakve ciljeve ima u \u017eivotu i gde vidi svoju budu\u0107nost. Klju\u010dno je da se budu\u0107i kolega kod nas ose\u0107a dobro i da svojom energijom doprinosi pozitivnoj atmosferi u timu,\u201d<\/em> obja\u0161njava <strong>direktor Intere, Peter Ladi\u010d<\/strong>.<\/p>\t\t\t\t\t\t<\/div>\n\t\t\t\t<\/div>\n\t\t\t\t\t<\/div>\n\t\t<\/div>\n\t\t\t\t\t\t\t<\/div>\n\t\t<\/section>\n\t\t\t\t<section class=\"elementor-section elementor-top-section elementor-element elementor-element-af9180c elementor-section-boxed elementor-section-height-default elementor-section-height-default\" data-id=\"af9180c\" data-element_type=\"section\" data-settings=\"{&quot;jet_parallax_layout_list&quot;:[]}\">\n\t\t\t\t\t\t<div class=\"elementor-container elementor-column-gap-default\">\n\t\t\t\t\t<div class=\"elementor-column elementor-col-100 elementor-top-column elementor-element elementor-element-98aa821\" data-id=\"98aa821\" data-element_type=\"column\">\n\t\t\t<div class=\"elementor-widget-wrap elementor-element-populated\">\n\t\t\t\t\t\t\t\t<div class=\"elementor-element elementor-element-2f6dac1 elementor-widget elementor-widget-heading\" data-id=\"2f6dac1\" data-element_type=\"widget\" data-widget_type=\"heading.default\">\n\t\t\t\t<div class=\"elementor-widget-container\">\n\t\t\t<h2 class=\"elementor-heading-title elementor-size-default\" id=\"inovativne-prakse-za-dobrobit-zaposlenih\">Inovativne prakse za dobrobit zaposlenih<\/h2>\t\t<\/div>\n\t\t\t\t<\/div>\n\t\t\t\t<div class=\"elementor-element elementor-element-e5d807a elementor-widget elementor-widget-text-editor\" data-id=\"e5d807a\" data-element_type=\"widget\" data-widget_type=\"text-editor.default\">\n\t\t\t\t<div class=\"elementor-widget-container\">\n\t\t\t\t\t\t\t<p>Stalno uvodimo novitete koji zaposlenima omogu\u0107avaju kvalitetan i uravnote\u017een \u017eivot. Tako smo pro\u0161le godine prvi put organizovali <strong>posetu roditelja zaposlenih<\/strong>, \u010dime smo dobili priliku da upoznamo ljude koji su podigli na\u0161e kolege, dok su roditelji mogli videti radno okru\u017eenje svoje dece.<\/p>\t\t\t\t\t\t<\/div>\n\t\t\t\t<\/div>\n\t\t\t\t<div class=\"elementor-element elementor-element-1fccd35 elementor-widget elementor-widget-image\" data-id=\"1fccd35\" data-element_type=\"widget\" data-widget_type=\"image.default\">\n\t\t\t\t<div class=\"elementor-widget-container\">\n\t\t\t\t\t\t\t\t\t\t\t\t\t\t\t<img width=\"1024\" height=\"683\" src=\"https:\/\/www.intrix.si\/app\/uploads\/sites\/6\/2025\/04\/dogadaj-za-roditelje-intera-1024x683-1.webp\" class=\"attachment-large size-large\" alt=\"Roditelji na radnom mestu\" srcset=\"https:\/\/www.intrix.si\/app\/uploads\/sites\/6\/2025\/04\/dogadaj-za-roditelje-intera-1024x683-1.webp 1024w, https:\/\/www.intrix.si\/app\/uploads\/sites\/6\/2025\/04\/dogadaj-za-roditelje-intera-1024x683-1-300x200.webp 300w, https:\/\/www.intrix.si\/app\/uploads\/sites\/6\/2025\/04\/dogadaj-za-roditelje-intera-1024x683-1-768x512.webp 768w\" sizes=\"(max-width: 1024px) 100vw, 1024px\" title=\"Dogadaj za roditelje\" \/>\t\t\t\t\t\t\t\t\t\t\t\t\t\t\t<\/div>\n\t\t\t\t<\/div>\n\t\t\t\t<div class=\"elementor-element elementor-element-8342559 elementor-widget elementor-widget-text-editor\" data-id=\"8342559\" data-element_type=\"widget\" data-widget_type=\"text-editor.default\">\n\t\t\t\t<div class=\"elementor-widget-container\">\n\t\t\t\t\t\t\t<p>Na\u0161a <strong>interna psiholo\u0161ka podr\u0161ka<\/strong> osigurava zaposlenima pristup savetovanju i razgovorima za o\u010duvanje dobrobiti. Na raspolaganju im je <strong>bogata biblioteka<\/strong> i \u010ditaonica sa knjigama za li\u010dni i profesionalni razvoj. <strong>Podsti\u010demo zdrav na\u010din \u017eivota<\/strong> putem sopstvene teretane, sobe za jogu i meditaciju, zdravih doru\u010daka kao i svakodnevno sve\u017eeg vo\u0107a.<\/p>\t\t\t\t\t\t<\/div>\n\t\t\t\t<\/div>\n\t\t\t\t\t<\/div>\n\t\t<\/div>\n\t\t\t\t\t\t\t<\/div>\n\t\t<\/section>\n\t\t\t\t<section class=\"elementor-section elementor-top-section elementor-element elementor-element-d9a6244 elementor-section-boxed elementor-section-height-default elementor-section-height-default\" data-id=\"d9a6244\" data-element_type=\"section\" data-settings=\"{&quot;jet_parallax_layout_list&quot;:[]}\">\n\t\t\t\t\t\t<div class=\"elementor-container elementor-column-gap-default\">\n\t\t\t\t\t<div class=\"elementor-column elementor-col-100 elementor-top-column elementor-element elementor-element-f4b7edf\" data-id=\"f4b7edf\" data-element_type=\"column\">\n\t\t\t<div class=\"elementor-widget-wrap elementor-element-populated\">\n\t\t\t\t\t\t\t\t<div class=\"elementor-element elementor-element-c48aa2f elementor-widget elementor-widget-heading\" data-id=\"c48aa2f\" data-element_type=\"widget\" data-widget_type=\"heading.default\">\n\t\t\t\t<div class=\"elementor-widget-container\">\n\t\t\t<h2 class=\"elementor-heading-title elementor-size-default\" id=\"medjunarodni-rast-uz-ocuvanje-vrednosti\">Me\u0111unarodni rast uz o\u010duvanje vrednosti<\/h2>\t\t<\/div>\n\t\t\t\t<\/div>\n\t\t\t\t<div class=\"elementor-element elementor-element-796298a elementor-widget elementor-widget-text-editor\" data-id=\"796298a\" data-element_type=\"widget\" data-widget_type=\"text-editor.default\">\n\t\t\t\t<div class=\"elementor-widget-container\">\n\t\t\t\t\t\t\t<p><strong>Intera, uz sedi\u0161te u Ptuju, posluje i u Beogradu i Zagrebu<\/strong>. Na\u0161u kulturu i povezanost odr\u017eavamo zajedni\u010dkim radnim danima u kancelariji u Ptuju, razli\u010ditim doga\u0111anjima, dru\u017eenjima i redovnim edukacijama. <em>\u201cKlju\u010dno je da se svi dobro poznajemo i van ekrana. Samo tako mo\u017eemo funkcionirati kao <strong>sna\u017ean tim<\/strong>, bez obzira na lokaciju,\u201d<\/em> dodaje Ladi\u010d.<\/p>\t\t\t\t\t\t<\/div>\n\t\t\t\t<\/div>\n\t\t\t\t\t<\/div>\n\t\t<\/div>\n\t\t\t\t\t\t\t<\/div>\n\t\t<\/section>\n\t\t\t\t<section class=\"elementor-section elementor-top-section elementor-element elementor-element-8810fbd elementor-section-boxed elementor-section-height-default elementor-section-height-default\" data-id=\"8810fbd\" data-element_type=\"section\" data-settings=\"{&quot;jet_parallax_layout_list&quot;:[]}\">\n\t\t\t\t\t\t<div class=\"elementor-container elementor-column-gap-default\">\n\t\t\t\t\t<div class=\"elementor-column elementor-col-100 elementor-top-column elementor-element elementor-element-cdcca5c\" data-id=\"cdcca5c\" data-element_type=\"column\">\n\t\t\t<div class=\"elementor-widget-wrap elementor-element-populated\">\n\t\t\t\t\t\t\t\t<div class=\"elementor-element elementor-element-2a4c899 elementor-widget elementor-widget-heading\" data-id=\"2a4c899\" data-element_type=\"widget\" data-widget_type=\"heading.default\">\n\t\t\t\t<div class=\"elementor-widget-container\">\n\t\t\t<h2 class=\"elementor-heading-title elementor-size-default\" id=\"poverenje-i-odgovornost-kao-temelj-poslovanja\">Poverenje i odgovornost kao temelj poslovanja<\/h2>\t\t<\/div>\n\t\t\t\t<\/div>\n\t\t\t\t<div class=\"elementor-element elementor-element-38027af elementor-widget elementor-widget-text-editor\" data-id=\"38027af\" data-element_type=\"widget\" data-widget_type=\"text-editor.default\">\n\t\t\t\t<div class=\"elementor-widget-container\">\n\t\t\t\t\t\t\t<p>Na\u0161 sistem rada <strong>bazira se na poverenju i samostalnosti zaposlenih<\/strong>, \u0161to omogu\u0107ava neometano poslovanje \u010dak i tokom odsustva pojedinaca. Interni procesi su jasni i transparentni, a klju\u010dnu ulogu u tome ima na\u0161 sopstveni proizvod \u2013 <a href=\"https:\/\/www.intrixcrm.com\/rs\/crm\">Intrix<\/a>, koji omogu\u0107ava efikasno upravljanje zaposlenima, odnosima sa klijentima, projektima i korisni\u010dkom podr\u0161kom.<\/p><p>\u0160ta je Interu ponovno dovelo do titule najboljeg poslodavca?<br \/>\u201cTe\u0161ko je izdvojiti jednu praksu ili vrednost, ali ono \u0161to nas defini\u0161e kao kompaniju i pojedince jeste poverenje, pouzdanost, prilagodivost, rast, odgovornost, jednostavnost i dobrobit zaposlenih,\u201d isti\u010de Ladi\u010d. \u201cVa\u017eno je da na\u0161 rad ne do\u017eivljavamo samo kao posao, odvojen od ostalih aspekata \u017eivota i \u0161ire okoline: raditi dobro zna\u010di pozitivno uticati na ceo svijet.\u201d<\/p><p>Ostajemo posve\u0107eni daljem razvoju, \u0161irenju na nova tr\u017ei\u0161ta i, pre svega, o\u010duvanju jedinstvene kulture koja nas je i ove godine, po \u010detvrti put, dovela do titule najboljeg poslodavca.<\/p>\t\t\t\t\t\t<\/div>\n\t\t\t\t<\/div>\n\t\t\t\t\t<\/div>\n\t\t<\/div>\n\t\t\t\t\t\t\t<\/div>\n\t\t<\/section>\n\t\t\t\t<section class=\"elementor-section elementor-top-section elementor-element elementor-element-1111cf9 elementor-section-boxed elementor-section-height-default elementor-section-height-default\" data-id=\"1111cf9\" data-element_type=\"section\" data-settings=\"{&quot;jet_parallax_layout_list&quot;:[]}\">\n\t\t\t\t\t\t<div class=\"elementor-container elementor-column-gap-default\">\n\t\t\t\t\t<div class=\"elementor-column elementor-col-100 elementor-top-column elementor-element elementor-element-34fc169\" data-id=\"34fc169\" data-element_type=\"column\">\n\t\t\t<div class=\"elementor-widget-wrap elementor-element-populated\">\n\t\t\t\t\t\t\t\t<div class=\"elementor-element elementor-element-b774e12 elementor-widget elementor-widget-image\" data-id=\"b774e12\" data-element_type=\"widget\" data-widget_type=\"image.default\">\n\t\t\t\t<div class=\"elementor-widget-container\">\n\t\t\t\t\t\t\t\t\t\t\t\t\t\t\t<img width=\"1024\" height=\"683\" src=\"https:\/\/www.intrix.si\/app\/uploads\/sites\/6\/2025\/04\/marko-bauman-zlata-nit-1024x683-1.webp\" class=\"attachment-large size-large\" alt=\"\" srcset=\"https:\/\/www.intrix.si\/app\/uploads\/sites\/6\/2025\/04\/marko-bauman-zlata-nit-1024x683-1.webp 1024w, https:\/\/www.intrix.si\/app\/uploads\/sites\/6\/2025\/04\/marko-bauman-zlata-nit-1024x683-1-300x200.webp 300w, https:\/\/www.intrix.si\/app\/uploads\/sites\/6\/2025\/04\/marko-bauman-zlata-nit-1024x683-1-768x512.webp 768w\" sizes=\"(max-width: 1024px) 100vw, 1024px\" title=\"Marko Bauman Zlatna nit\" \/>\t\t\t\t\t\t\t\t\t\t\t\t\t\t\t<\/div>\n\t\t\t\t<\/div>\n\t\t\t\t<div class=\"elementor-element elementor-element-6b07b09 elementor-widget elementor-widget-text-editor\" data-id=\"6b07b09\" data-element_type=\"widget\" data-widget_type=\"text-editor.default\">\n\t\t\t\t<div class=\"elementor-widget-container\">\n\t\t\t\t\t\t\t<p><em>Nagradu je primio voditelj razvoja proizvoda Marko Bauman (foto: Jaka Gasar)<\/em><\/p>\t\t\t\t\t\t<\/div>\n\t\t\t\t<\/div>\n\t\t\t\t\t<\/div>\n\t\t<\/div>\n\t\t\t\t\t\t\t<\/div>\n\t\t<\/section>\n\t\t\t\t<section class=\"elementor-section elementor-top-section elementor-element elementor-element-6563a19 elementor-section-boxed elementor-section-height-default elementor-section-height-default\" data-id=\"6563a19\" data-element_type=\"section\" data-settings=\"{&quot;jet_parallax_layout_list&quot;:[]}\">\n\t\t\t\t\t\t<div class=\"elementor-container elementor-column-gap-default\">\n\t\t\t\t\t<div class=\"elementor-column elementor-col-100 elementor-top-column elementor-element elementor-element-9f031be\" data-id=\"9f031be\" data-element_type=\"column\">\n\t\t\t<div class=\"elementor-widget-wrap elementor-element-populated\">\n\t\t\t\t\t\t\t\t<div class=\"elementor-element elementor-element-5d36ee4 elementor-widget elementor-widget-image\" data-id=\"5d36ee4\" data-element_type=\"widget\" data-widget_type=\"image.default\">\n\t\t\t\t<div class=\"elementor-widget-container\">\n\t\t\t\t\t\t\t\t\t\t\t\t\t\t\t<img width=\"1024\" height=\"683\" src=\"https:\/\/www.intrix.si\/app\/uploads\/sites\/6\/2025\/04\/nagradeni-zlata-nit-1024x683-1.webp\" class=\"attachment-large size-large\" alt=\"\" srcset=\"https:\/\/www.intrix.si\/app\/uploads\/sites\/6\/2025\/04\/nagradeni-zlata-nit-1024x683-1.webp 1024w, https:\/\/www.intrix.si\/app\/uploads\/sites\/6\/2025\/04\/nagradeni-zlata-nit-1024x683-1-300x200.webp 300w, https:\/\/www.intrix.si\/app\/uploads\/sites\/6\/2025\/04\/nagradeni-zlata-nit-1024x683-1-768x512.webp 768w\" sizes=\"(max-width: 1024px) 100vw, 1024px\" title=\"Nagra\u0111eni Zlatna nit\" \/>\t\t\t\t\t\t\t\t\t\t\t\t\t\t\t<\/div>\n\t\t\t\t<\/div>\n\t\t\t\t<div class=\"elementor-element elementor-element-9a0fc4c elementor-widget elementor-widget-text-editor\" data-id=\"9a0fc4c\" data-element_type=\"widget\" data-widget_type=\"text-editor.default\">\n\t\t\t\t<div class=\"elementor-widget-container\">\n\t\t\t\t\t\t\t<p><em>Najbolji poslodavci u 2024. Intera, RCM i RLS Merilna tehnika (foto: Jaka Gasar)<\/em><\/p>\t\t\t\t\t\t<\/div>\n\t\t\t\t<\/div>\n\t\t\t\t\t<\/div>\n\t\t<\/div>\n\t\t\t\t\t\t\t<\/div>\n\t\t<\/section>\n\t\t\t\t\t\t\t<\/div>\n\t\t","protected":false},"excerpt":{"rendered":"<p>Krajem marta u Ljubljanskom lutkarskom pozori\u0161tu dodeljene su nagrade najboljim poslodavcima u Sloveniji u sklopu Dnevnikovog projekta Zlatna nit. U&#8230;<\/p>\n","protected":false},"author":37,"featured_media":108131,"comment_status":"open","ping_status":"closed","sticky":false,"template":"","format":"standard","meta":[],"categories":[39,142],"tags":[],"_links":{"self":[{"href":"https:\/\/www.intrixcrm.com\/rs\/wp-json\/wp\/v2\/posts\/108122"}],"collection":[{"href":"https:\/\/www.intrixcrm.com\/rs\/wp-json\/wp\/v2\/posts"}],"about":[{"href":"https:\/\/www.intrixcrm.com\/rs\/wp-json\/wp\/v2\/types\/post"}],"author":[{"embeddable":true,"href":"https:\/\/www.intrixcrm.com\/rs\/wp-json\/wp\/v2\/users\/37"}],"replies":[{"embeddable":true,"href":"https:\/\/www.intrixcrm.com\/rs\/wp-json\/wp\/v2\/comments?post=108122"}],"version-history":[{"count":18,"href":"https:\/\/www.intrixcrm.com\/rs\/wp-json\/wp\/v2\/posts\/108122\/revisions"}],"predecessor-version":[{"id":108145,"href":"https:\/\/www.intrixcrm.com\/rs\/wp-json\/wp\/v2\/posts\/108122\/revisions\/108145"}],"wp:featuredmedia":[{"embeddable":true,"href":"https:\/\/www.intrixcrm.com\/rs\/wp-json\/wp\/v2\/media\/108131"}],"wp:attachment":[{"href":"https:\/\/www.intrixcrm.com\/rs\/wp-json\/wp\/v2\/media?parent=108122"}],"wp:term":[{"taxonomy":"category","embeddable":true,"href":"https:\/\/www.intrixcrm.com\/rs\/wp-json\/wp\/v2\/categories?post=108122"},{"taxonomy":"post_tag","embeddable":true,"href":"https:\/\/www.intrixcrm.com\/rs\/wp-json\/wp\/v2\/tags?post=108122"}],"curies":[{"name":"wp","href":"https:\/\/api.w.org\/{rel}","templated":true}]}}